{"id":284,"date":"2025-10-10T10:00:22","date_gmt":"2025-10-10T10:00:22","guid":{"rendered":"https:\/\/www.mustafaalkadhimi.net\/?p=284"},"modified":"2025-11-20T14:14:13","modified_gmt":"2025-11-20T14:14:13","slug":"apercu-de-linitiative-dari-en-matiere-de-logement-en-irak","status":"publish","type":"post","link":"https:\/\/www.mustafaalkadhimi.net\/fr\/apercu-de-linitiative-dari-en-matiere-de-logement-en-irak\/","title":{"rendered":"Aper\u00e7u de l&rsquo;initiative Dari en mati\u00e8re de logement en Irak\u00a0"},"content":{"rendered":"\n<p>L&rsquo;ancien Premier ministre&nbsp;<a href=\"https:\/\/x.com\/makadhimi?lang=en\" target=\"_blank\" rel=\"noreferrer noopener\">Mustafa Al Kadhimi<\/a>&nbsp;a mis en \u0153uvre toute une s\u00e9rie d&rsquo;initiatives visant \u00e0 stimuler la croissance \u00e9conomique et \u00e0 am\u00e9liorer les conditions de vie et les moyens de subsistance pendant son mandat, notamment en lan\u00e7ant l&rsquo;<a href=\"https:\/\/www.iraq-businessnews.com\/tag\/dari-housing-initiative\/\" target=\"_blank\" rel=\"noreferrer noopener\">initiative Dari en mati\u00e8re de logement<\/a>. Cet article examine de plus pr\u00e8s cette initiative, qui a \u00e9t\u00e9 con\u00e7ue et mise en \u0153uvre dans le but sp\u00e9cifique de b\u00e9n\u00e9ficier aux communaut\u00e9s locales.&nbsp;<\/p>\n\n\n\n<p>En janvier 2022, le Premier ministre irakien de l&rsquo;\u00e9poque, Moustafa Al&nbsp;Kazemi, a confirm\u00e9 que plus d&rsquo;un demi-million de parcelles de terrain avaient \u00e9t\u00e9 attribu\u00e9es dans le cadre de cette initiative. Con\u00e7u pour fournir un logement \u00e0 plus de trois millions de citoyens irakiens, ce programme fonctionnait via un processus de candidature en ligne.&nbsp;<\/p>\n\n\n\n<p>En plus d&rsquo;aider les populations locales \u00e0 acc\u00e9der \u00e0 des terrains pour y construire des logements, cette initiative a \u00e9galement permis la cr\u00e9ation de centres de sant\u00e9 et d&rsquo;\u00e9coles, ainsi que d&rsquo;autres infrastructures importantes. Le gouvernement irakien a vot\u00e9 en septembre 2021 le m\u00e9canisme de distribution des terrains r\u00e9sidentiels, ouvrant la voie \u00e0 l&rsquo;administration Al Kadhimi pour s&rsquo;associer \u00e0 des soci\u00e9t\u00e9s d&rsquo;investissement afin de cr\u00e9er des infrastructures dans les r\u00e9gions o\u00f9 des terrains r\u00e9sidentiels devaient \u00eatre distribu\u00e9s dans le cadre de l&rsquo;initiative Dari pour le logement.&nbsp;<\/p>\n\n\n\n<p>R\u00e9fl\u00e9chissant \u00e0 ces projets,&nbsp;Haidar&nbsp;Majid, porte-parole du secr\u00e9tariat du Cabinet, a indiqu\u00e9 aux m\u00e9dias que le processus de cession des terrains concern\u00e9s par l&rsquo;initiative Dari se d\u00e9roulerait en plusieurs \u00e9tapes, expliquant que le Premier ministre Al Kadhimi avait inform\u00e9 le minist\u00e8re irakien de la Reconstruction du contrat conclu avec des soci\u00e9t\u00e9s d&rsquo;investissement dans le but de mettre en place une infrastructure compl\u00e8te dans tous ces endroits.&nbsp;<\/p>\n\n\n\n<p>Comme l&rsquo;a indiqu\u00e9 le ministre irakien de la Planification, Khaled&nbsp;Batal, dans le cadre de l&rsquo;initiative Dari pour le logement, des pr\u00eats seraient accord\u00e9s par des banques publiques, offrant ainsi aux citoyens irakiens un moyen d&rsquo;acheter des terrains r\u00e9sidentiels garantis par ces pr\u00eats.&nbsp;Le processus d&rsquo;enregistrement des parcelles de terrain comprises dans l&rsquo;initiative Dari pour le logement s&rsquo;est achev\u00e9 en ao\u00fbt 2021, et les noms des b\u00e9n\u00e9ficiaires qui se sont inscrits en ligne ont \u00e9t\u00e9 annonc\u00e9s le mois suivant. Le Premier ministre Mustafa Al Kadhimi a r\u00e9v\u00e9l\u00e9 que le nombre de formulaires de demande remplissant les conditions stipul\u00e9es sur le site web du projet Dari s&rsquo;\u00e9levait \u00e0 3 463 921.&nbsp;<\/p>\n","protected":false},"excerpt":{"rendered":"<p>L&rsquo;ancien Premier ministre&nbsp;Mustafa Al Kadhimi&nbsp;a mis en \u0153uvre toute une s\u00e9rie d&rsquo;initiatives visant \u00e0 stimuler la croissance \u00e9conomique et \u00e0 am\u00e9liorer les conditions de vie et les moyens de subsistance pendant son mandat, notamment en lan\u00e7ant l&rsquo;initiative Dari en mati\u00e8re de logement. Cet article examine de plus pr\u00e8s cette initiative, qui a \u00e9t\u00e9 con\u00e7ue et [&hellip;]<\/p>\n","protected":false},"author":1,"featured_media":246,"comment_status":"open","ping_status":"open","sticky":false,"template":"","format":"standard","meta":{"_et_pb_use_builder":"off","_et_pb_old_content":"","_et_gb_content_width":"","footnotes":""},"categories":[39],"tags":[41,42,40,23],"class_list":["post-284","post","type-post","status-publish","format-standard","has-post-thumbnail","hentry","category-logement","tag-irak","tag-linitiative-dari-en-matiere-de-logement","tag-logement","tag-mustafa-al-kadhimi"],"yoast_head":"<!-- This site is optimized with the Yoast SEO plugin v27.4 - https:\/\/yoast.com\/product\/yoast-seo-wordpress\/ -->\n<title>Aper\u00e7u de l&#039;initiative Dari en mati\u00e8re de logement en Irak\u00a0 - Mustafa Al Kadhimi<\/title>\n<meta name=\"description\" content=\"Cet article examine de plus pr\u00e8s cette initiative, qui a \u00e9t\u00e9 con\u00e7ue et mise en \u0153uvre dans le but sp\u00e9cifique de b\u00e9n\u00e9ficier aux communaut\u00e9s locales.\u00a0\" \/>\n<meta name=\"robots\" content=\"index, follow, max-snippet:-1, max-image-preview:large, max-video-preview:-1\" \/>\n<link rel=\"canonical\" href=\"https:\/\/www.mustafaalkadhimi.net\/fr\/apercu-de-linitiative-dari-en-matiere-de-logement-en-irak\/\" \/>\n<meta property=\"og:locale\" content=\"fr_FR\" \/>\n<meta property=\"og:type\" content=\"article\" \/>\n<meta property=\"og:title\" content=\"Aper\u00e7u de l&#039;initiative Dari en mati\u00e8re de logement en Irak\u00a0 - Mustafa Al Kadhimi\" \/>\n<meta property=\"og:description\" content=\"Cet article examine de plus pr\u00e8s cette initiative, qui a \u00e9t\u00e9 con\u00e7ue et mise en \u0153uvre dans le but sp\u00e9cifique de b\u00e9n\u00e9ficier aux communaut\u00e9s locales.\u00a0\" \/>\n<meta property=\"og:url\" content=\"https:\/\/www.mustafaalkadhimi.net\/fr\/apercu-de-linitiative-dari-en-matiere-de-logement-en-irak\/\" \/>\n<meta property=\"og:site_name\" content=\"Mustafa Al Kadhimi\" \/>\n<meta property=\"article:published_time\" content=\"2025-10-10T10:00:22+00:00\" \/>\n<meta property=\"article:modified_time\" content=\"2025-11-20T14:14:13+00:00\" \/>\n<meta property=\"og:image\" content=\"https:\/\/www.mustafaalkadhimi.net\/wp-content\/uploads\/2025\/10\/Dari-Housing-Initiative.jpg\" \/>\n\t<meta property=\"og:image:width\" content=\"1000\" \/>\n\t<meta property=\"og:image:height\" content=\"665\" \/>\n\t<meta property=\"og:image:type\" content=\"image\/jpeg\" \/>\n<meta name=\"author\" content=\"admin\" \/>\n<meta name=\"twitter:card\" content=\"summary_large_image\" \/>\n<meta name=\"twitter:label1\" content=\"\u00c9crit par\" \/>\n\t<meta name=\"twitter:data1\" content=\"admin\" \/>\n\t<meta name=\"twitter:label2\" content=\"Dur\u00e9e de lecture estim\u00e9e\" \/>\n\t<meta name=\"twitter:data2\" content=\"2 minutes\" \/>\n<script type=\"application\/ld+json\" class=\"yoast-schema-graph\">{\"@context\":\"https:\\\/\\\/schema.org\",\"@graph\":[{\"@type\":\"Article\",\"@id\":\"https:\\\/\\\/www.mustafaalkadhimi.net\\\/fr\\\/apercu-de-linitiative-dari-en-matiere-de-logement-en-irak\\\/#article\",\"isPartOf\":{\"@id\":\"https:\\\/\\\/www.mustafaalkadhimi.net\\\/fr\\\/apercu-de-linitiative-dari-en-matiere-de-logement-en-irak\\\/\"},\"author\":{\"name\":\"admin\",\"@id\":\"https:\\\/\\\/www.mustafaalkadhimi.net\\\/fr\\\/#\\\/schema\\\/person\\\/adaa4d9e8bc11d2b9a018f1e22c73735\"},\"headline\":\"Aper\u00e7u de l&rsquo;initiative Dari en mati\u00e8re de logement en Irak\u00a0\",\"datePublished\":\"2025-10-10T10:00:22+00:00\",\"dateModified\":\"2025-11-20T14:14:13+00:00\",\"mainEntityOfPage\":{\"@id\":\"https:\\\/\\\/www.mustafaalkadhimi.net\\\/fr\\\/apercu-de-linitiative-dari-en-matiere-de-logement-en-irak\\\/\"},\"wordCount\":460,\"commentCount\":0,\"image\":{\"@id\":\"https:\\\/\\\/www.mustafaalkadhimi.net\\\/fr\\\/apercu-de-linitiative-dari-en-matiere-de-logement-en-irak\\\/#primaryimage\"},\"thumbnailUrl\":\"https:\\\/\\\/www.mustafaalkadhimi.net\\\/wp-content\\\/uploads\\\/2025\\\/10\\\/Dari-Housing-Initiative.jpg\",\"keywords\":[\"Irak\",\"l'initiative Dari en mati\u00e8re de logement\",\"Logement\",\"Mustafa Al Kadhimi\"],\"articleSection\":[\"Logement\"],\"inLanguage\":\"fr-FR\",\"potentialAction\":[{\"@type\":\"CommentAction\",\"name\":\"Comment\",\"target\":[\"https:\\\/\\\/www.mustafaalkadhimi.net\\\/fr\\\/apercu-de-linitiative-dari-en-matiere-de-logement-en-irak\\\/#respond\"]}]},{\"@type\":\"WebPage\",\"@id\":\"https:\\\/\\\/www.mustafaalkadhimi.net\\\/fr\\\/apercu-de-linitiative-dari-en-matiere-de-logement-en-irak\\\/\",\"url\":\"https:\\\/\\\/www.mustafaalkadhimi.net\\\/fr\\\/apercu-de-linitiative-dari-en-matiere-de-logement-en-irak\\\/\",\"name\":\"Aper\u00e7u de l'initiative Dari en mati\u00e8re de logement en Irak\u00a0 - Mustafa Al Kadhimi\",\"isPartOf\":{\"@id\":\"https:\\\/\\\/www.mustafaalkadhimi.net\\\/fr\\\/#website\"},\"primaryImageOfPage\":{\"@id\":\"https:\\\/\\\/www.mustafaalkadhimi.net\\\/fr\\\/apercu-de-linitiative-dari-en-matiere-de-logement-en-irak\\\/#primaryimage\"},\"image\":{\"@id\":\"https:\\\/\\\/www.mustafaalkadhimi.net\\\/fr\\\/apercu-de-linitiative-dari-en-matiere-de-logement-en-irak\\\/#primaryimage\"},\"thumbnailUrl\":\"https:\\\/\\\/www.mustafaalkadhimi.net\\\/wp-content\\\/uploads\\\/2025\\\/10\\\/Dari-Housing-Initiative.jpg\",\"datePublished\":\"2025-10-10T10:00:22+00:00\",\"dateModified\":\"2025-11-20T14:14:13+00:00\",\"author\":{\"@id\":\"https:\\\/\\\/www.mustafaalkadhimi.net\\\/fr\\\/#\\\/schema\\\/person\\\/adaa4d9e8bc11d2b9a018f1e22c73735\"},\"description\":\"Cet article examine de plus pr\u00e8s cette initiative, qui a \u00e9t\u00e9 con\u00e7ue et mise en \u0153uvre dans le but sp\u00e9cifique de b\u00e9n\u00e9ficier aux communaut\u00e9s locales.\u00a0\",\"breadcrumb\":{\"@id\":\"https:\\\/\\\/www.mustafaalkadhimi.net\\\/fr\\\/apercu-de-linitiative-dari-en-matiere-de-logement-en-irak\\\/#breadcrumb\"},\"inLanguage\":\"fr-FR\",\"potentialAction\":[{\"@type\":\"ReadAction\",\"target\":[\"https:\\\/\\\/www.mustafaalkadhimi.net\\\/fr\\\/apercu-de-linitiative-dari-en-matiere-de-logement-en-irak\\\/\"]}]},{\"@type\":\"ImageObject\",\"inLanguage\":\"fr-FR\",\"@id\":\"https:\\\/\\\/www.mustafaalkadhimi.net\\\/fr\\\/apercu-de-linitiative-dari-en-matiere-de-logement-en-irak\\\/#primaryimage\",\"url\":\"https:\\\/\\\/www.mustafaalkadhimi.net\\\/wp-content\\\/uploads\\\/2025\\\/10\\\/Dari-Housing-Initiative.jpg\",\"contentUrl\":\"https:\\\/\\\/www.mustafaalkadhimi.net\\\/wp-content\\\/uploads\\\/2025\\\/10\\\/Dari-Housing-Initiative.jpg\",\"width\":1000,\"height\":665},{\"@type\":\"BreadcrumbList\",\"@id\":\"https:\\\/\\\/www.mustafaalkadhimi.net\\\/fr\\\/apercu-de-linitiative-dari-en-matiere-de-logement-en-irak\\\/#breadcrumb\",\"itemListElement\":[{\"@type\":\"ListItem\",\"position\":1,\"name\":\"Home\",\"item\":\"https:\\\/\\\/www.mustafaalkadhimi.net\\\/fr\\\/\"},{\"@type\":\"ListItem\",\"position\":2,\"name\":\"Aper\u00e7u de l&#8217;initiative Dari en mati\u00e8re de logement en Irak\u00a0\"}]},{\"@type\":\"WebSite\",\"@id\":\"https:\\\/\\\/www.mustafaalkadhimi.net\\\/fr\\\/#website\",\"url\":\"https:\\\/\\\/www.mustafaalkadhimi.net\\\/fr\\\/\",\"name\":\"Mustafa Al Kadhimi\",\"description\":\"This is the blog of Mustafa Al Kadhimi\",\"potentialAction\":[{\"@type\":\"SearchAction\",\"target\":{\"@type\":\"EntryPoint\",\"urlTemplate\":\"https:\\\/\\\/www.mustafaalkadhimi.net\\\/fr\\\/?s={search_term_string}\"},\"query-input\":{\"@type\":\"PropertyValueSpecification\",\"valueRequired\":true,\"valueName\":\"search_term_string\"}}],\"inLanguage\":\"fr-FR\"},{\"@type\":\"Person\",\"@id\":\"https:\\\/\\\/www.mustafaalkadhimi.net\\\/fr\\\/#\\\/schema\\\/person\\\/adaa4d9e8bc11d2b9a018f1e22c73735\",\"name\":\"admin\",\"image\":{\"@type\":\"ImageObject\",\"inLanguage\":\"fr-FR\",\"@id\":\"https:\\\/\\\/secure.gravatar.com\\\/avatar\\\/59576e5a91d0f48a5a467a964f8c60796c8b3da55903761d7b3a191d50863c9b?s=96&d=mm&r=g\",\"url\":\"https:\\\/\\\/secure.gravatar.com\\\/avatar\\\/59576e5a91d0f48a5a467a964f8c60796c8b3da55903761d7b3a191d50863c9b?s=96&d=mm&r=g\",\"contentUrl\":\"https:\\\/\\\/secure.gravatar.com\\\/avatar\\\/59576e5a91d0f48a5a467a964f8c60796c8b3da55903761d7b3a191d50863c9b?s=96&d=mm&r=g\",\"caption\":\"admin\"},\"sameAs\":[\"https:\\\/\\\/www.mustafaalkadhimi.net\"],\"url\":\"https:\\\/\\\/www.mustafaalkadhimi.net\\\/fr\\\/author\\\/admin\\\/\"}]}<\/script>\n<!-- \/ Yoast SEO plugin. -->","yoast_head_json":{"title":"Aper\u00e7u de l'initiative Dari en mati\u00e8re de logement en Irak\u00a0 - Mustafa Al Kadhimi","description":"Cet article examine de plus pr\u00e8s cette initiative, qui a \u00e9t\u00e9 con\u00e7ue et mise en \u0153uvre dans le but sp\u00e9cifique de b\u00e9n\u00e9ficier aux communaut\u00e9s locales.\u00a0","robots":{"index":"index","follow":"follow","max-snippet":"max-snippet:-1","max-image-preview":"max-image-preview:large","max-video-preview":"max-video-preview:-1"},"canonical":"https:\/\/www.mustafaalkadhimi.net\/fr\/apercu-de-linitiative-dari-en-matiere-de-logement-en-irak\/","og_locale":"fr_FR","og_type":"article","og_title":"Aper\u00e7u de l'initiative Dari en mati\u00e8re de logement en Irak\u00a0 - Mustafa Al Kadhimi","og_description":"Cet article examine de plus pr\u00e8s cette initiative, qui a \u00e9t\u00e9 con\u00e7ue et mise en \u0153uvre dans le but sp\u00e9cifique de b\u00e9n\u00e9ficier aux communaut\u00e9s locales.\u00a0","og_url":"https:\/\/www.mustafaalkadhimi.net\/fr\/apercu-de-linitiative-dari-en-matiere-de-logement-en-irak\/","og_site_name":"Mustafa Al Kadhimi","article_published_time":"2025-10-10T10:00:22+00:00","article_modified_time":"2025-11-20T14:14:13+00:00","og_image":[{"width":1000,"height":665,"url":"https:\/\/www.mustafaalkadhimi.net\/wp-content\/uploads\/2025\/10\/Dari-Housing-Initiative.jpg","type":"image\/jpeg"}],"author":"admin","twitter_card":"summary_large_image","twitter_misc":{"\u00c9crit par":"admin","Dur\u00e9e de lecture estim\u00e9e":"2 minutes"},"schema":{"@context":"https:\/\/schema.org","@graph":[{"@type":"Article","@id":"https:\/\/www.mustafaalkadhimi.net\/fr\/apercu-de-linitiative-dari-en-matiere-de-logement-en-irak\/#article","isPartOf":{"@id":"https:\/\/www.mustafaalkadhimi.net\/fr\/apercu-de-linitiative-dari-en-matiere-de-logement-en-irak\/"},"author":{"name":"admin","@id":"https:\/\/www.mustafaalkadhimi.net\/fr\/#\/schema\/person\/adaa4d9e8bc11d2b9a018f1e22c73735"},"headline":"Aper\u00e7u de l&rsquo;initiative Dari en mati\u00e8re de logement en Irak\u00a0","datePublished":"2025-10-10T10:00:22+00:00","dateModified":"2025-11-20T14:14:13+00:00","mainEntityOfPage":{"@id":"https:\/\/www.mustafaalkadhimi.net\/fr\/apercu-de-linitiative-dari-en-matiere-de-logement-en-irak\/"},"wordCount":460,"commentCount":0,"image":{"@id":"https:\/\/www.mustafaalkadhimi.net\/fr\/apercu-de-linitiative-dari-en-matiere-de-logement-en-irak\/#primaryimage"},"thumbnailUrl":"https:\/\/www.mustafaalkadhimi.net\/wp-content\/uploads\/2025\/10\/Dari-Housing-Initiative.jpg","keywords":["Irak","l'initiative Dari en mati\u00e8re de logement","Logement","Mustafa Al Kadhimi"],"articleSection":["Logement"],"inLanguage":"fr-FR","potentialAction":[{"@type":"CommentAction","name":"Comment","target":["https:\/\/www.mustafaalkadhimi.net\/fr\/apercu-de-linitiative-dari-en-matiere-de-logement-en-irak\/#respond"]}]},{"@type":"WebPage","@id":"https:\/\/www.mustafaalkadhimi.net\/fr\/apercu-de-linitiative-dari-en-matiere-de-logement-en-irak\/","url":"https:\/\/www.mustafaalkadhimi.net\/fr\/apercu-de-linitiative-dari-en-matiere-de-logement-en-irak\/","name":"Aper\u00e7u de l'initiative Dari en mati\u00e8re de logement en Irak\u00a0 - Mustafa Al Kadhimi","isPartOf":{"@id":"https:\/\/www.mustafaalkadhimi.net\/fr\/#website"},"primaryImageOfPage":{"@id":"https:\/\/www.mustafaalkadhimi.net\/fr\/apercu-de-linitiative-dari-en-matiere-de-logement-en-irak\/#primaryimage"},"image":{"@id":"https:\/\/www.mustafaalkadhimi.net\/fr\/apercu-de-linitiative-dari-en-matiere-de-logement-en-irak\/#primaryimage"},"thumbnailUrl":"https:\/\/www.mustafaalkadhimi.net\/wp-content\/uploads\/2025\/10\/Dari-Housing-Initiative.jpg","datePublished":"2025-10-10T10:00:22+00:00","dateModified":"2025-11-20T14:14:13+00:00","author":{"@id":"https:\/\/www.mustafaalkadhimi.net\/fr\/#\/schema\/person\/adaa4d9e8bc11d2b9a018f1e22c73735"},"description":"Cet article examine de plus pr\u00e8s cette initiative, qui a \u00e9t\u00e9 con\u00e7ue et mise en \u0153uvre dans le but sp\u00e9cifique de b\u00e9n\u00e9ficier aux communaut\u00e9s locales.\u00a0","breadcrumb":{"@id":"https:\/\/www.mustafaalkadhimi.net\/fr\/apercu-de-linitiative-dari-en-matiere-de-logement-en-irak\/#breadcrumb"},"inLanguage":"fr-FR","potentialAction":[{"@type":"ReadAction","target":["https:\/\/www.mustafaalkadhimi.net\/fr\/apercu-de-linitiative-dari-en-matiere-de-logement-en-irak\/"]}]},{"@type":"ImageObject","inLanguage":"fr-FR","@id":"https:\/\/www.mustafaalkadhimi.net\/fr\/apercu-de-linitiative-dari-en-matiere-de-logement-en-irak\/#primaryimage","url":"https:\/\/www.mustafaalkadhimi.net\/wp-content\/uploads\/2025\/10\/Dari-Housing-Initiative.jpg","contentUrl":"https:\/\/www.mustafaalkadhimi.net\/wp-content\/uploads\/2025\/10\/Dari-Housing-Initiative.jpg","width":1000,"height":665},{"@type":"BreadcrumbList","@id":"https:\/\/www.mustafaalkadhimi.net\/fr\/apercu-de-linitiative-dari-en-matiere-de-logement-en-irak\/#breadcrumb","itemListElement":[{"@type":"ListItem","position":1,"name":"Home","item":"https:\/\/www.mustafaalkadhimi.net\/fr\/"},{"@type":"ListItem","position":2,"name":"Aper\u00e7u de l&#8217;initiative Dari en mati\u00e8re de logement en Irak\u00a0"}]},{"@type":"WebSite","@id":"https:\/\/www.mustafaalkadhimi.net\/fr\/#website","url":"https:\/\/www.mustafaalkadhimi.net\/fr\/","name":"Mustafa Al Kadhimi","description":"This is the blog of Mustafa Al Kadhimi","potentialAction":[{"@type":"SearchAction","target":{"@type":"EntryPoint","urlTemplate":"https:\/\/www.mustafaalkadhimi.net\/fr\/?s={search_term_string}"},"query-input":{"@type":"PropertyValueSpecification","valueRequired":true,"valueName":"search_term_string"}}],"inLanguage":"fr-FR"},{"@type":"Person","@id":"https:\/\/www.mustafaalkadhimi.net\/fr\/#\/schema\/person\/adaa4d9e8bc11d2b9a018f1e22c73735","name":"admin","image":{"@type":"ImageObject","inLanguage":"fr-FR","@id":"https:\/\/secure.gravatar.com\/avatar\/59576e5a91d0f48a5a467a964f8c60796c8b3da55903761d7b3a191d50863c9b?s=96&d=mm&r=g","url":"https:\/\/secure.gravatar.com\/avatar\/59576e5a91d0f48a5a467a964f8c60796c8b3da55903761d7b3a191d50863c9b?s=96&d=mm&r=g","contentUrl":"https:\/\/secure.gravatar.com\/avatar\/59576e5a91d0f48a5a467a964f8c60796c8b3da55903761d7b3a191d50863c9b?s=96&d=mm&r=g","caption":"admin"},"sameAs":["https:\/\/www.mustafaalkadhimi.net"],"url":"https:\/\/www.mustafaalkadhimi.net\/fr\/author\/admin\/"}]}},"_links":{"self":[{"href":"https:\/\/www.mustafaalkadhimi.net\/fr\/wp-json\/wp\/v2\/posts\/284","targetHints":{"allow":["GET"]}}],"collection":[{"href":"https:\/\/www.mustafaalkadhimi.net\/fr\/wp-json\/wp\/v2\/posts"}],"about":[{"href":"https:\/\/www.mustafaalkadhimi.net\/fr\/wp-json\/wp\/v2\/types\/post"}],"author":[{"embeddable":true,"href":"https:\/\/www.mustafaalkadhimi.net\/fr\/wp-json\/wp\/v2\/users\/1"}],"replies":[{"embeddable":true,"href":"https:\/\/www.mustafaalkadhimi.net\/fr\/wp-json\/wp\/v2\/comments?post=284"}],"version-history":[{"count":1,"href":"https:\/\/www.mustafaalkadhimi.net\/fr\/wp-json\/wp\/v2\/posts\/284\/revisions"}],"predecessor-version":[{"id":286,"href":"https:\/\/www.mustafaalkadhimi.net\/fr\/wp-json\/wp\/v2\/posts\/284\/revisions\/286"}],"wp:featuredmedia":[{"embeddable":true,"href":"https:\/\/www.mustafaalkadhimi.net\/fr\/wp-json\/wp\/v2\/media\/246"}],"wp:attachment":[{"href":"https:\/\/www.mustafaalkadhimi.net\/fr\/wp-json\/wp\/v2\/media?parent=284"}],"wp:term":[{"taxonomy":"category","embeddable":true,"href":"https:\/\/www.mustafaalkadhimi.net\/fr\/wp-json\/wp\/v2\/categories?post=284"},{"taxonomy":"post_tag","embeddable":true,"href":"https:\/\/www.mustafaalkadhimi.net\/fr\/wp-json\/wp\/v2\/tags?post=284"}],"curies":[{"name":"wp","href":"https:\/\/api.w.org\/{rel}","templated":true}]}}